{"id":2631,"date":"2009-12-26T12:36:44","date_gmt":"2009-12-26T12:36:44","guid":{"rendered":"http:\/\/www.erp-kdkrim.com\/wordpress\/zelo-sneen-dan-na-vriu"},"modified":"2013-08-13T11:05:44","modified_gmt":"2013-08-13T11:05:44","slug":"zelo-sneen-dan-na-vriu","status":"publish","type":"post","link":"https:\/\/www.kd-krim.si\/wp\/zelo-sneen-dan-na-vriu\/","title":{"rendered":"Zelo sne\u017een dan na Vr\u0161i\u010du"},"content":{"rendered":"<p><img decoding=\"async\" style=\"float: right;\" alt=\"neli\" src=\"http:\/\/erp-kdkrim.com\/dogodki\/09\/image\/vrsic01.jpg\" \/>Napovedovali so sneg in ni\u010d kaj obetavno vreme, a smo se vseeno odlo\u010dili, da bomo v nedeljo zgodaj vstali in se \u0161li skrivat v sne\u017ene luknje pod Erjav\u010devo ko\u010do na Vr\u0161i\u010du, kjer sta nas pri\u010dakovala Vera in Grega, ki sta bila na lavinskem te\u010daju GRZS. <\/p>\n<p> Cesta \u010dez Vr\u0161i\u010d je bila zaradi obilice snega zaprta, a smo avtomobilom obuli verige in se pripeljali do Ko\u010de na Gozdu, od tam pa smo \u0161li naprej nekateri pe\u0161, nekateri pa s smu\u010dmi. Bil je siv dan, snega pa ogromno in vi\u0161e smo \u0161li, ve\u010d ga je bilo. Pri\u0161li smo nekaj minut prej, kot smo se zmenili, in ob poti pod ko\u010do zmotili pri delu lavinski odsek GRZS. V ko\u010di smo na toplem po\u010dakali, da so kon\u010dali, potem pa se odpravili na njihovi delovi\u0161\u010di. Razdelili smo se v dve skupini \u2013 na enem koncu so se skrivali Katja, Tina, Vid, Grega in Jasna, na drugem pa Vera, Jani, Ivan, Petra, Nejc in moja malenkost. <\/p>\n<p> Ku\u017eki imajo radi sneg, mi tudi, a v nedeljo ni bil dan za postopanje, saj je bilo popoldan iz ure v uro v zraku ve\u010d ple\u0161o\u010dih sne\u017eink in postajalo je vse hladneje, zato smo se po kon\u010danem treningu hitro odpravili v dolino.<\/p>\n<p> Barbara<\/p>\n<p class=\"body\" align=\"justify\">Ve\u010d slikc v <a href=\"..\/galerija\/thumbnails.php?album=88\" target=\"_blank\"> galeriji. <\/a><\/p>\n","protected":false},"excerpt":{"rendered":"<p>Napovedovali so sneg in ni\u010d kaj obetavno vreme, a smo se vseeno odlo\u010dili, da bomo v nedeljo zgodaj vstali in se \u0161li skrivat v sne\u017ene luknje pod Erjav\u010devo ko\u010do na Vr\u0161i\u010du, kjer sta nas pri\u010dakovala Vera in Grega, ki sta bila na lavinskem te\u010daju GRZS. Cesta \u010dez Vr\u0161i\u010d je bila zaradi obilice snega zaprta, a smo avtomobilom obuli verige in &hellip;<\/p>\n","protected":false},"author":2,"featured_media":0,"comment_status":"open","ping_status":"open","sticky":false,"template":"","format":"standard","meta":{"_monsterinsights_skip_tracking":false,"ngg_post_thumbnail":0,"footnotes":""},"categories":[3],"tags":[],"class_list":["post-2631","post","type-post","status-publish","format-standard","hentry","category-erp"],"yoast_head":"<!-- This site is optimized with the Yoast SEO plugin v28.4 - https:\/\/yoast.com\/product\/yoast-seo-wordpress\/ -->\n<title>Zelo sne\u017een dan na Vr\u0161i\u010du - \u0160KD KRIM<\/title>\n<meta name=\"robots\" content=\"index, follow, max-snippet:-1, max-image-preview:large, max-video-preview:-1\" \/>\n<link rel=\"canonical\" href=\"https:\/\/www.kd-krim.si\/wp\/zelo-sneen-dan-na-vriu\/\" \/>\n<meta property=\"og:locale\" content=\"sl_SI\" \/>\n<meta property=\"og:type\" content=\"article\" \/>\n<meta property=\"og:title\" content=\"Zelo sne\u017een dan na Vr\u0161i\u010du - \u0160KD KRIM\" \/>\n<meta property=\"og:description\" content=\"Napovedovali so sneg in ni\u010d kaj obetavno vreme, a smo se vseeno odlo\u010dili, da bomo v nedeljo zgodaj vstali in se \u0161li skrivat v sne\u017ene luknje pod Erjav\u010devo ko\u010do na Vr\u0161i\u010du, kjer sta nas pri\u010dakovala Vera in Grega, ki sta bila na lavinskem te\u010daju GRZS. Cesta \u010dez Vr\u0161i\u010d je bila zaradi obilice snega zaprta, a smo avtomobilom obuli verige in &hellip;\" \/>\n<meta property=\"og:url\" content=\"https:\/\/www.kd-krim.si\/wp\/zelo-sneen-dan-na-vriu\/\" \/>\n<meta property=\"og:site_name\" content=\"\u0160KD KRIM\" \/>\n<meta property=\"article:publisher\" content=\"https:\/\/www.facebook.com\/skdkrim\/\" \/>\n<meta property=\"article:published_time\" content=\"2009-12-26T12:36:44+00:00\" \/>\n<meta property=\"article:modified_time\" content=\"2013-08-13T11:05:44+00:00\" \/>\n<meta property=\"og:image\" content=\"http:\/\/erp-kdkrim.com\/dogodki\/09\/image\/vrsic01.jpg\" \/>\n<meta name=\"author\" content=\"ERP Re\u0161evalec\" \/>\n<meta name=\"twitter:card\" content=\"summary_large_image\" \/>\n<meta name=\"twitter:label1\" content=\"Written by\" \/>\n\t<meta name=\"twitter:data1\" content=\"ERP Re\u0161evalec\" \/>\n\t<meta name=\"twitter:label2\" content=\"Est. reading time\" \/>\n\t<meta name=\"twitter:data2\" content=\"1 minuta\" \/>\n<script type=\"application\/ld+json\" class=\"yoast-schema-graph\">{\"@context\":\"https:\\\/\\\/schema.org\",\"@graph\":[{\"@type\":\"Article\",\"@id\":\"https:\\\/\\\/www.kd-krim.si\\\/wp\\\/zelo-sneen-dan-na-vriu\\\/#article\",\"isPartOf\":{\"@id\":\"https:\\\/\\\/www.kd-krim.si\\\/wp\\\/zelo-sneen-dan-na-vriu\\\/\"},\"author\":{\"name\":\"ERP Re\u0161evalec\",\"@id\":\"https:\\\/\\\/www.kd-krim.si\\\/wp\\\/#\\\/schema\\\/person\\\/b552a493a8b92a988a96a4f835076ee5\"},\"headline\":\"Zelo sne\u017een dan na Vr\u0161i\u010du\",\"datePublished\":\"2009-12-26T12:36:44+00:00\",\"dateModified\":\"2013-08-13T11:05:44+00:00\",\"mainEntityOfPage\":{\"@id\":\"https:\\\/\\\/www.kd-krim.si\\\/wp\\\/zelo-sneen-dan-na-vriu\\\/\"},\"wordCount\":236,\"commentCount\":0,\"publisher\":{\"@id\":\"https:\\\/\\\/www.kd-krim.si\\\/wp\\\/#organization\"},\"image\":{\"@id\":\"https:\\\/\\\/www.kd-krim.si\\\/wp\\\/zelo-sneen-dan-na-vriu\\\/#primaryimage\"},\"thumbnailUrl\":\"http:\\\/\\\/erp-kdkrim.com\\\/dogodki\\\/09\\\/image\\\/vrsic01.jpg\",\"articleSection\":[\"Enota re\u0161evalnih psov\"],\"inLanguage\":\"sl-SI\"},{\"@type\":\"WebPage\",\"@id\":\"https:\\\/\\\/www.kd-krim.si\\\/wp\\\/zelo-sneen-dan-na-vriu\\\/\",\"url\":\"https:\\\/\\\/www.kd-krim.si\\\/wp\\\/zelo-sneen-dan-na-vriu\\\/\",\"name\":\"Zelo sne\u017een dan na Vr\u0161i\u010du - \u0160KD KRIM\",\"isPartOf\":{\"@id\":\"https:\\\/\\\/www.kd-krim.si\\\/wp\\\/#website\"},\"primaryImageOfPage\":{\"@id\":\"https:\\\/\\\/www.kd-krim.si\\\/wp\\\/zelo-sneen-dan-na-vriu\\\/#primaryimage\"},\"image\":{\"@id\":\"https:\\\/\\\/www.kd-krim.si\\\/wp\\\/zelo-sneen-dan-na-vriu\\\/#primaryimage\"},\"thumbnailUrl\":\"http:\\\/\\\/erp-kdkrim.com\\\/dogodki\\\/09\\\/image\\\/vrsic01.jpg\",\"datePublished\":\"2009-12-26T12:36:44+00:00\",\"dateModified\":\"2013-08-13T11:05:44+00:00\",\"breadcrumb\":{\"@id\":\"https:\\\/\\\/www.kd-krim.si\\\/wp\\\/zelo-sneen-dan-na-vriu\\\/#breadcrumb\"},\"inLanguage\":\"sl-SI\",\"potentialAction\":[{\"@type\":\"ReadAction\",\"target\":[\"https:\\\/\\\/www.kd-krim.si\\\/wp\\\/zelo-sneen-dan-na-vriu\\\/\"]}]},{\"@type\":\"ImageObject\",\"inLanguage\":\"sl-SI\",\"@id\":\"https:\\\/\\\/www.kd-krim.si\\\/wp\\\/zelo-sneen-dan-na-vriu\\\/#primaryimage\",\"url\":\"http:\\\/\\\/erp-kdkrim.com\\\/dogodki\\\/09\\\/image\\\/vrsic01.jpg\",\"contentUrl\":\"http:\\\/\\\/erp-kdkrim.com\\\/dogodki\\\/09\\\/image\\\/vrsic01.jpg\"},{\"@type\":\"BreadcrumbList\",\"@id\":\"https:\\\/\\\/www.kd-krim.si\\\/wp\\\/zelo-sneen-dan-na-vriu\\\/#breadcrumb\",\"itemListElement\":[{\"@type\":\"ListItem\",\"position\":1,\"name\":\"Home\",\"item\":\"https:\\\/\\\/www.kd-krim.si\\\/wp\\\/\"},{\"@type\":\"ListItem\",\"position\":2,\"name\":\"Zelo sne\u017een dan na Vr\u0161i\u010du\"}]},{\"@type\":\"WebSite\",\"@id\":\"https:\\\/\\\/www.kd-krim.si\\\/wp\\\/#website\",\"url\":\"https:\\\/\\\/www.kd-krim.si\\\/wp\\\/\",\"name\":\"\u0160KD KRIM\",\"description\":\"\u0160portno kinolo\u0161ko dru\u0161tvo Krim\",\"publisher\":{\"@id\":\"https:\\\/\\\/www.kd-krim.si\\\/wp\\\/#organization\"},\"potentialAction\":[{\"@type\":\"SearchAction\",\"target\":{\"@type\":\"EntryPoint\",\"urlTemplate\":\"https:\\\/\\\/www.kd-krim.si\\\/wp\\\/?s={search_term_string}\"},\"query-input\":{\"@type\":\"PropertyValueSpecification\",\"valueRequired\":true,\"valueName\":\"search_term_string\"}}],\"inLanguage\":\"sl-SI\"},{\"@type\":\"Organization\",\"@id\":\"https:\\\/\\\/www.kd-krim.si\\\/wp\\\/#organization\",\"name\":\"\u0160KD Krim\",\"url\":\"https:\\\/\\\/www.kd-krim.si\\\/wp\\\/\",\"logo\":{\"@type\":\"ImageObject\",\"inLanguage\":\"sl-SI\",\"@id\":\"https:\\\/\\\/www.kd-krim.si\\\/wp\\\/#\\\/schema\\\/logo\\\/image\\\/\",\"url\":\"https:\\\/\\\/www.kd-krim.si\\\/wp\\\/wp-content\\\/uploads\\\/2018\\\/02\\\/logoskdkrim.png\",\"contentUrl\":\"https:\\\/\\\/www.kd-krim.si\\\/wp\\\/wp-content\\\/uploads\\\/2018\\\/02\\\/logoskdkrim.png\",\"width\":162,\"height\":184,\"caption\":\"\u0160KD Krim\"},\"image\":{\"@id\":\"https:\\\/\\\/www.kd-krim.si\\\/wp\\\/#\\\/schema\\\/logo\\\/image\\\/\"},\"sameAs\":[\"https:\\\/\\\/www.facebook.com\\\/skdkrim\\\/\"]},{\"@type\":\"Person\",\"@id\":\"https:\\\/\\\/www.kd-krim.si\\\/wp\\\/#\\\/schema\\\/person\\\/b552a493a8b92a988a96a4f835076ee5\",\"name\":\"ERP Re\u0161evalec\",\"image\":{\"@type\":\"ImageObject\",\"inLanguage\":\"sl-SI\",\"@id\":\"https:\\\/\\\/secure.gravatar.com\\\/avatar\\\/ffb52edc7a4b29f7974c399f18853f7974e109f2b8aec40c2e39e499c9c7a182?s=96&d=mm&r=g\",\"url\":\"https:\\\/\\\/secure.gravatar.com\\\/avatar\\\/ffb52edc7a4b29f7974c399f18853f7974e109f2b8aec40c2e39e499c9c7a182?s=96&d=mm&r=g\",\"contentUrl\":\"https:\\\/\\\/secure.gravatar.com\\\/avatar\\\/ffb52edc7a4b29f7974c399f18853f7974e109f2b8aec40c2e39e499c9c7a182?s=96&d=mm&r=g\",\"caption\":\"ERP Re\u0161evalec\"},\"url\":\"https:\\\/\\\/www.kd-krim.si\\\/wp\\\/author\\\/resevalec\\\/\"}]}<\/script>\n<!-- \/ Yoast SEO plugin. -->","yoast_head_json":{"title":"Zelo sne\u017een dan na Vr\u0161i\u010du - \u0160KD KRIM","robots":{"index":"index","follow":"follow","max-snippet":"max-snippet:-1","max-image-preview":"max-image-preview:large","max-video-preview":"max-video-preview:-1"},"canonical":"https:\/\/www.kd-krim.si\/wp\/zelo-sneen-dan-na-vriu\/","og_locale":"sl_SI","og_type":"article","og_title":"Zelo sne\u017een dan na Vr\u0161i\u010du - \u0160KD KRIM","og_description":"Napovedovali so sneg in ni\u010d kaj obetavno vreme, a smo se vseeno odlo\u010dili, da bomo v nedeljo zgodaj vstali in se \u0161li skrivat v sne\u017ene luknje pod Erjav\u010devo ko\u010do na Vr\u0161i\u010du, kjer sta nas pri\u010dakovala Vera in Grega, ki sta bila na lavinskem te\u010daju GRZS. Cesta \u010dez Vr\u0161i\u010d je bila zaradi obilice snega zaprta, a smo avtomobilom obuli verige in &hellip;","og_url":"https:\/\/www.kd-krim.si\/wp\/zelo-sneen-dan-na-vriu\/","og_site_name":"\u0160KD KRIM","article_publisher":"https:\/\/www.facebook.com\/skdkrim\/","article_published_time":"2009-12-26T12:36:44+00:00","article_modified_time":"2013-08-13T11:05:44+00:00","og_image":[{"url":"http:\/\/erp-kdkrim.com\/dogodki\/09\/image\/vrsic01.jpg","type":"","width":"","height":""}],"author":"ERP Re\u0161evalec","twitter_card":"summary_large_image","twitter_misc":{"Written by":"ERP Re\u0161evalec","Est. reading time":"1 minuta"},"schema":{"@context":"https:\/\/schema.org","@graph":[{"@type":"Article","@id":"https:\/\/www.kd-krim.si\/wp\/zelo-sneen-dan-na-vriu\/#article","isPartOf":{"@id":"https:\/\/www.kd-krim.si\/wp\/zelo-sneen-dan-na-vriu\/"},"author":{"name":"ERP Re\u0161evalec","@id":"https:\/\/www.kd-krim.si\/wp\/#\/schema\/person\/b552a493a8b92a988a96a4f835076ee5"},"headline":"Zelo sne\u017een dan na Vr\u0161i\u010du","datePublished":"2009-12-26T12:36:44+00:00","dateModified":"2013-08-13T11:05:44+00:00","mainEntityOfPage":{"@id":"https:\/\/www.kd-krim.si\/wp\/zelo-sneen-dan-na-vriu\/"},"wordCount":236,"commentCount":0,"publisher":{"@id":"https:\/\/www.kd-krim.si\/wp\/#organization"},"image":{"@id":"https:\/\/www.kd-krim.si\/wp\/zelo-sneen-dan-na-vriu\/#primaryimage"},"thumbnailUrl":"http:\/\/erp-kdkrim.com\/dogodki\/09\/image\/vrsic01.jpg","articleSection":["Enota re\u0161evalnih psov"],"inLanguage":"sl-SI"},{"@type":"WebPage","@id":"https:\/\/www.kd-krim.si\/wp\/zelo-sneen-dan-na-vriu\/","url":"https:\/\/www.kd-krim.si\/wp\/zelo-sneen-dan-na-vriu\/","name":"Zelo sne\u017een dan na Vr\u0161i\u010du - \u0160KD KRIM","isPartOf":{"@id":"https:\/\/www.kd-krim.si\/wp\/#website"},"primaryImageOfPage":{"@id":"https:\/\/www.kd-krim.si\/wp\/zelo-sneen-dan-na-vriu\/#primaryimage"},"image":{"@id":"https:\/\/www.kd-krim.si\/wp\/zelo-sneen-dan-na-vriu\/#primaryimage"},"thumbnailUrl":"http:\/\/erp-kdkrim.com\/dogodki\/09\/image\/vrsic01.jpg","datePublished":"2009-12-26T12:36:44+00:00","dateModified":"2013-08-13T11:05:44+00:00","breadcrumb":{"@id":"https:\/\/www.kd-krim.si\/wp\/zelo-sneen-dan-na-vriu\/#breadcrumb"},"inLanguage":"sl-SI","potentialAction":[{"@type":"ReadAction","target":["https:\/\/www.kd-krim.si\/wp\/zelo-sneen-dan-na-vriu\/"]}]},{"@type":"ImageObject","inLanguage":"sl-SI","@id":"https:\/\/www.kd-krim.si\/wp\/zelo-sneen-dan-na-vriu\/#primaryimage","url":"http:\/\/erp-kdkrim.com\/dogodki\/09\/image\/vrsic01.jpg","contentUrl":"http:\/\/erp-kdkrim.com\/dogodki\/09\/image\/vrsic01.jpg"},{"@type":"BreadcrumbList","@id":"https:\/\/www.kd-krim.si\/wp\/zelo-sneen-dan-na-vriu\/#breadcrumb","itemListElement":[{"@type":"ListItem","position":1,"name":"Home","item":"https:\/\/www.kd-krim.si\/wp\/"},{"@type":"ListItem","position":2,"name":"Zelo sne\u017een dan na Vr\u0161i\u010du"}]},{"@type":"WebSite","@id":"https:\/\/www.kd-krim.si\/wp\/#website","url":"https:\/\/www.kd-krim.si\/wp\/","name":"\u0160KD KRIM","description":"\u0160portno kinolo\u0161ko dru\u0161tvo Krim","publisher":{"@id":"https:\/\/www.kd-krim.si\/wp\/#organization"},"potentialAction":[{"@type":"SearchAction","target":{"@type":"EntryPoint","urlTemplate":"https:\/\/www.kd-krim.si\/wp\/?s={search_term_string}"},"query-input":{"@type":"PropertyValueSpecification","valueRequired":true,"valueName":"search_term_string"}}],"inLanguage":"sl-SI"},{"@type":"Organization","@id":"https:\/\/www.kd-krim.si\/wp\/#organization","name":"\u0160KD Krim","url":"https:\/\/www.kd-krim.si\/wp\/","logo":{"@type":"ImageObject","inLanguage":"sl-SI","@id":"https:\/\/www.kd-krim.si\/wp\/#\/schema\/logo\/image\/","url":"https:\/\/www.kd-krim.si\/wp\/wp-content\/uploads\/2018\/02\/logoskdkrim.png","contentUrl":"https:\/\/www.kd-krim.si\/wp\/wp-content\/uploads\/2018\/02\/logoskdkrim.png","width":162,"height":184,"caption":"\u0160KD Krim"},"image":{"@id":"https:\/\/www.kd-krim.si\/wp\/#\/schema\/logo\/image\/"},"sameAs":["https:\/\/www.facebook.com\/skdkrim\/"]},{"@type":"Person","@id":"https:\/\/www.kd-krim.si\/wp\/#\/schema\/person\/b552a493a8b92a988a96a4f835076ee5","name":"ERP Re\u0161evalec","image":{"@type":"ImageObject","inLanguage":"sl-SI","@id":"https:\/\/secure.gravatar.com\/avatar\/ffb52edc7a4b29f7974c399f18853f7974e109f2b8aec40c2e39e499c9c7a182?s=96&d=mm&r=g","url":"https:\/\/secure.gravatar.com\/avatar\/ffb52edc7a4b29f7974c399f18853f7974e109f2b8aec40c2e39e499c9c7a182?s=96&d=mm&r=g","contentUrl":"https:\/\/secure.gravatar.com\/avatar\/ffb52edc7a4b29f7974c399f18853f7974e109f2b8aec40c2e39e499c9c7a182?s=96&d=mm&r=g","caption":"ERP Re\u0161evalec"},"url":"https:\/\/www.kd-krim.si\/wp\/author\/resevalec\/"}]}},"_links":{"self":[{"href":"https:\/\/www.kd-krim.si\/wp\/wp-json\/wp\/v2\/posts\/2631","targetHints":{"allow":["GET"]}}],"collection":[{"href":"https:\/\/www.kd-krim.si\/wp\/wp-json\/wp\/v2\/posts"}],"about":[{"href":"https:\/\/www.kd-krim.si\/wp\/wp-json\/wp\/v2\/types\/post"}],"author":[{"embeddable":true,"href":"https:\/\/www.kd-krim.si\/wp\/wp-json\/wp\/v2\/users\/2"}],"replies":[{"embeddable":true,"href":"https:\/\/www.kd-krim.si\/wp\/wp-json\/wp\/v2\/comments?post=2631"}],"version-history":[{"count":1,"href":"https:\/\/www.kd-krim.si\/wp\/wp-json\/wp\/v2\/posts\/2631\/revisions"}],"predecessor-version":[{"id":3170,"href":"https:\/\/www.kd-krim.si\/wp\/wp-json\/wp\/v2\/posts\/2631\/revisions\/3170"}],"wp:attachment":[{"href":"https:\/\/www.kd-krim.si\/wp\/wp-json\/wp\/v2\/media?parent=2631"}],"wp:term":[{"taxonomy":"category","embeddable":true,"href":"https:\/\/www.kd-krim.si\/wp\/wp-json\/wp\/v2\/categories?post=2631"},{"taxonomy":"post_tag","embeddable":true,"href":"https:\/\/www.kd-krim.si\/wp\/wp-json\/wp\/v2\/tags?post=2631"}],"curies":[{"name":"wp","href":"https:\/\/api.w.org\/{rel}","templated":true}]}}